{"id":9,"date":"2015-12-20T23:49:32","date_gmt":"2015-12-20T23:49:32","guid":{"rendered":"http:\/\/rassist.org\/?p=5"},"modified":"2015-12-20T23:49:32","modified_gmt":"2015-12-20T23:49:32","slug":"rassismuskeule-erstickt-wissenschaftliche-diskussion-im-keim","status":"publish","type":"post","link":"https:\/\/rassist.org\/blog\/rassismuskeule-erstickt-wissenschaftliche-diskussion-im-keim\/","title":{"rendered":"Rassismuskeule erstickt wissenschaftliche Diskussion im Keim"},"content":{"rendered":"<blockquote>\n<h5>H\u00f6cke hatte in einer Rede von einem &#8220;lebensbejahenden afrikanischen Ausbreitungstyp&#8221; <a href=\"http:\/\/www.spiegel.de\/politik\/deutschland\/afd-bodo-ramelow-nimmt-bjoern-hoecke-nach-afrika-rede-aufs-korn-a-1067560.html\">und von einem &#8220;Bev\u00f6lkerungs\u00fcberschuss&#8221; Afrikas gesprochen<\/a>. &#8220;Solange wir bereit sind, diesen Bev\u00f6lkerungs\u00fcberschuss aufzunehmen, wird sich am Reproduktionsverhalten der Afrikaner nichts \u00e4ndern&#8221;, sagte der Th\u00fcringer AfD-Chef. Der Bundesvorstand der AfD hatte daraufhin dessen Verbleib in der Partei infrage gestellt <a href=\"http:\/\/www.spiegel.de\/politik\/deutschland\/nach-afrikaner-rede-afd-vorstand-hadert-mit-hoecke-a-1068640.html\">und ihm parteisch\u00e4digendes Verhalten vorgeworfen.<\/a> [<a href=\"http:\/\/www.spiegel.de\/politik\/deutschland\/afd-hoecke-aeusserungen-sind-eindeutig-rassistisch-sagt-joern-kruse-a-1068798.html\" target=\"_blank\">Der Spiegel<\/a>] <\/h5>\n<\/blockquote>\n<p><img loading=\"lazy\" title=\"africaeuropepopulationgrowth7\" style=\"border-left-width: 0px; border-right-width: 0px; background-image: none; border-bottom-width: 0px; float: right; padding-top: 0px; padding-left: 0px; margin: 0px 0px 2px 3px; display: inline; padding-right: 0px; border-top-width: 0px\" border=\"0\" alt=\"africaeuropepopulationgrowth7\" src=\"http:\/\/rassist.org\/blog\/wp-content\/uploads\/2015\/12\/africaeuropepopulationgrowth7.gif\" width=\"564\" align=\"right\" height=\"403\"> Also es gibt ja keine extremes Bev\u00f6lkerungswachstum in Afrika. Und die folgen auch nicht massenweise der Einladung von Mutti Angela Merkel, ins Deutsche Schlaraffenland. Es mag ja wahr sein dass solche wahren Aussagen im PC Deutschland parteisch\u00e4digend sind. Aber man sollte doch Bev\u00f6lkerungszunahmen und Abnahme logisch analysieren d\u00fcrfen.<\/p>\n<blockquote>\n<p>Der Th\u00fcringer AfD-Partei- und Fraktionschef Bj\u00f6rn H\u00f6cke erhitzt die Gem\u00fcter zusehends auch in der eigenen Partei. H\u00f6ckes stark umstrittene Afrika-Rede sei &#8220;eindeutig rassistisch&#8221; gewesen, sagte Hamburgs AfD-Fraktionschef J\u00f6rn Kruse der &#8220;Frankfurter Allgemeinen Sonntagszeitung&#8221; (FAS). &#8220;Die Partei muss nach au\u00dfen deutlich machen, dass wir die rassistischen \u00c4u\u00dferungen von H\u00f6cke nicht dulden k\u00f6nnen&#8221;, sagte er. Es m\u00fcsse einen &#8220;\u00f6ffentlichen Aufruhr&#8221; geben.&nbsp; [<a href=\"http:\/\/www.spiegel.de\/politik\/deutschland\/afd-hoecke-aeusserungen-sind-eindeutig-rassistisch-sagt-joern-kruse-a-1068798.html\" target=\"_blank\">Der Spiegel<\/a>]<\/p>\n<\/blockquote>\n<p><font style=\"background-color: #ffff00\"><strong>Gut, die Aussagen sind rassistisch. Interessiert es jemanden ob sie wahr sind? Nat\u00fcrlich nicht.<\/strong><\/font><\/p>\n<blockquote>\n<p>Scharfe Worte findet der SPD-Fraktionsvorsitzende <a href=\"http:\/\/www.spiegel.de\/thema\/thomas_oppermann\/\">Thomas Oppermann<\/a> <a href=\"http:\/\/www.spiegel.de\/politik\/deutschland\/spd-fraktionschef-oppermann-gabriel-ist-der-natuerliche-kanzlerkandidat-a-1068501.html\">im Interview mit SPIEGEL ONLINE<\/a>. Er nennt die AfD &#8220;eine Bande von Zynikern und geistigen Brandstiftern&#8221;. Politiker wie H\u00f6cke seien &#8220;hochgef\u00e4hrliche Vulg\u00e4r-Rassisten&#8221;, sagte Oppermann [<a href=\"http:\/\/www.spiegel.de\/politik\/deutschland\/afd-hoecke-aeusserungen-sind-eindeutig-rassistisch-sagt-joern-kruse-a-1068798.html\" target=\"_blank\">Der Spiegel<\/a>] <\/p>\n<\/blockquote>\n<p><strong>&nbsp; <font style=\"background-color: #ffff00\">Hochgef\u00e4hrliche Vulg\u00e4r-Rassisten<\/font>. Und bitte, sind die Aussagen richtig oder falsch? Was sagt die Wissenschaft? <\/strong> <\/p>\n<p>&nbsp; <\/p>\n<h3>Wissenschaftlicher Rassismus IQ<\/h3>\n<ol>\n<li><a href=\"http:\/\/philipperushton.net\/?page_id=7\">J. Philippe Rushton&#8217;s wissenschaftliche Ver\u00f6ffentlichungen<\/a> [<a href=\"https:\/\/web.archive.org\/web\/20141230103737\/http:\/\/psychology.uwo.ca\/faculty\/rushton_pubs.htm\">wayback machine archive<\/a>]\n<li><a href=\"http:\/\/lazypawn.com\/wordpress\/wp-content\/uploads\/Race_Evolution_Behavior.pdf\">Race, Evolution and Behavior &#8211; abridged version (J. Philippe Rushton)<\/a>\n<li><a href=\"https:\/\/lesacreduprintemps19.files.wordpress.com\/2012\/11\/jp-rushton-race-evolution-behavior-unabridged-1997-edition.pdf\">Race, Evolution and Behavior, unabridged Version<\/a>\n<li><a href=\"http:\/\/www.amazon.de\/Rasse-Evolution-Verhalten-Theorie-Entwicklungsgeschichte\/dp\/3902475080\">Rasse, Evolution und Verhalten<\/a> (J. Philippe Rushton) erstaunlicherweise bei Amazon nicht <a href=\"http:\/\/fluechtling.net\/rassistisch\/bell-curve-kindle-not-available-marked.PNG\">zensiert<\/a>. Es scheint die volle Version zu zein\n<li><a href=\"https:\/\/morbusignorantia.files.wordpress.com\/2014\/01\/rasse-und-evolution.pdf\">Rasse, Evolution, und Verhalten (gek\u00fcrzte Version) PDF<\/a> Rushton hatte die gek\u00fcrze Version in verschiedenen Sprachen legal zum download angeboten.\n<li>\n<p><a href=\"http:\/\/www.humanbiologicaldiversity.com\/\">Human Biodiversity<\/a> a complete overview of the scientific literature about inequality, race differences, and more<\/p>\n<li>\n<p><a href=\"http:\/\/isteve.blogspot.com\">Steve Sailer<\/a>: <\/p>\n<li>\n<p><a href=\"http:\/\/www.rlynn.co.uk\/uploads\/pdfs\/Intelligence%20and%20the%20Wealth%20and%20Poverty%20of%20Nations.pdf\">Intelligence and the Wealth and Poverty of Nations. (Richard Lynn, Tatu Vanhanen)<\/a>: Der mittlere IQ eines Landes ist ma\u00dfgebend f\u00fcr das Landeseinkommen. (voller Buchtext)<\/p>\n<li>\n<p><a href=\"https:\/\/en.wikipedia.org\/wiki\/IQ_and_Global_Inequality\">IQ and Global Inequality | Wikipedia<\/a>: Intelligenz und weltweite Ungleichheit. <\/p>\n<li>\n<p><a href=\"http:\/\/fluechtling.net\/links.html\" target=\"_blank\">Mehr Literaturlinks zu wissenschaftlichem Rassismus hier<\/a><\/p>\n<\/li>\n<\/ol>\n<p>&nbsp; <\/p>\n<h3><a href=\"http:\/\/fluechtling.net\/rassenunterschiede\/\" target=\"_blank\">Rassenunterschiede in Kriminalit\u00e4t<\/a> | Links zu Regierungsstatistiken der USA<\/h3>\n<hr>\n<hr>\n<p>&nbsp;<\/p>\n<h2><a href=\"http:\/\/www.spiegel.de\/politik\/deutschland\/afd-bodo-ramelow-nimmt-bjoern-hoecke-nach-afrika-rede-aufs-korn-a-1067560.html\" target=\"_blank\">Rassistische Afrika-Rede: Ramelow macht sich \u00fcber AfD-Landeschef H\u00f6cke lustig<\/a> | Der Spiegel<\/h2>\n<blockquote>\n<p>Das war vor der Ver\u00f6ffentlichung einer \u00fcber 50 Minuten langen Rede des <a href=\"http:\/\/www.spiegel.de\/thema\/alternative_fuer_deutschland\/\">AfD<\/a>-Fraktions- und Landeschefs H\u00f6cke, die er Ende November zum Thema Asylpolitik hielt und die in dieser Woche publik wurde (<a href=\"https:\/\/www.youtube.com\/watch?v=QWt54x97nbc\">Sehen Sie hier das Video auf YouTube<\/a>). Die Tagung des &#8220;Instituts f\u00fcr Staatspolitik&#8221;, das der Neuen Rechten zugeordnet wird, stand unter dem Titel &#8220;Ansturm auf Europa&#8221; (<a href=\"http:\/\/www.tagesschau.de\/inland\/hoecke-rede-101.html\">Lesen Sie hier die Hintergr\u00fcnde beim NDR<\/a>). <\/p>\n<\/blockquote>\n<blockquote>\n<p>In seiner Rede \u00fcber Asylpolitik sprach H\u00f6cke unter anderem vom &#8220;lebensbejahenden afrikanischen Ausbreitungstyp&#8221; und von einem &#8220;Bev\u00f6lkerungs\u00fcberschuss Afrikas&#8221;. &#8220;Solange wir bereit sind, diesen Bev\u00f6lkerungs\u00fcberschuss aufzunehmen, wird sich am Reproduktionsverhalten der Afrikaner nichts \u00e4ndern.&#8221; <\/p>\n<\/blockquote>\n<blockquote>\n<p>Ramelow nutzte die kruden Thesen, um jetzt nicht nur H\u00f6cke, sondern auch die AfD auf Schippe zu nehmen.&nbsp; <\/p>\n<\/blockquote>\n<p><font style=\"background-color: #ffff00\">\u201cKrude Thesen\u201d ist auch so eine Keule. Nur nicht darauf eingehen dass Afrika einen solchen Bev\u00f6lkerungszuwachs hat.&nbsp; Sonst m\u00fcsste man wissenschaftlich statistisch zu diskutieren ob es 20, 30 oder 40 Millionen in den letzten Jahren war.<\/font>  <\/p>\n<p><a href=\"http:\/\/rassist.org\/blog\/wp-content\/uploads\/2015\/12\/africa-population-growth-scientific-american.png\"><img loading=\"lazy\" title=\"africa-population-growth-scientific-american\" style=\"border-left-width: 0px; border-right-width: 0px; background-image: none; border-bottom-width: 0px; float: right; padding-top: 0px; padding-left: 0px; display: inline; padding-right: 0px; border-top-width: 0px\" border=\"0\" alt=\"africa-population-growth-scientific-american\" src=\"http:\/\/rassist.org\/blog\/wp-content\/uploads\/2015\/12\/africa-population-growth-scientific-american_thumb.png\" width=\"644\" align=\"right\" height=\"730\"><\/a>  <\/p>\n<p align=\"right\">Quelle des Bildes: <br \/><a href=\"http:\/\/www.scientificamerican.com\/article\/world-population-will-soar-higher-than-predicted\/\" target=\"_blank\">Scientific American<\/a>  <\/p>\n<ol>\n<li><a href=\"http:\/\/www.economist.com\/news\/middle-east-and-africa\/21613349-end-century-almost-half-worlds-children-may-be-african-can-it\" target=\"_blank\">Africa: Can it survive such speedy growth?<\/a>\n<li><a href=\"http:\/\/www.grida.no\/graphicslib\/detail\/population-growth-in-sub-saharan-and-central-africa_0df7\" target=\"_blank\">Population Growth in Sub-Saharan and Central Africa<\/a>\n<li><a href=\"https:\/\/en.wikipedia.org\/wiki\/World_population\" target=\"_blank\">World Population | Wikipedia<\/a><\/li>\n<\/ol>\n<blockquote>\n<p>[\u2026]&nbsp; Er ging auch auf H\u00f6ckes seltsame Aussage ein, dass die Evolution Afrika und Europa &#8220;zwei unterschiedliche Reproduktionsstrategien beschert&#8221; habe. <\/p>\n<\/blockquote>\n<p>Diese seltsame Aussage kann man wissenschaftlich diskutieren. Oder per Regierunsdekret tabuisieren. \u201c&#8221;  <\/p>\n<blockquote>\n<p>Der Ministerpr\u00e4sident schrieb <a href=\"https:\/\/twitter.com\/bodoramelow\/status\/676012690628870144\">auf Twitter von einer &#8220;Rassenlehre a la H\u00f6cke&#8221;<\/a>. Der AfD-Landesvorsitzende hatte gesagt, in Afrika herrsche die &#8220;r-Strategie&#8221; vor. Diese ziele auf eine m\u00f6glichst hohe Wachstumsrate, dort dominiere der sogenannte Ausbreitungstyp. Dem gegen\u00fcber stehe die europ\u00e4ische &#8220;K-Strategie&#8221;, &#8220;die die Kapazit\u00e4t des Lebensraums optimal ausnutzen m\u00f6chte&#8221;, so H\u00f6cke. Die Afrikaner w\u00fcrden einen &#8220;Reproduktions\u00fcberschuss&#8221; von 30 Millionen Menschen im Jahr erzielen, so die Behauptung des AfD-Funktion\u00e4rs. <\/p>\n<\/blockquote>\n<p>Das ist die etwas umstrittene r-K Theorie des von den Linken verdammten Forschers J. Philippe Rushton. Was aber nichts am unumstrittenen Bev\u00f6lkerungswachstum Afrikas \u00e4ndert, und an der Tatsache dass f\u00fcr Afrikaner deutsches Harz 4, oder auch deutsche L\u00f6hne unwiderstehlich sind. Noch viel mehr als die doppelt so hohen Schweizer L\u00f6hne f\u00fcr die Euro-verarmten Deutschen anziehend sind.  <\/p>\n<blockquote>\n<p>Biologen unterscheiden mit diesen Begriffen das Fortpflanzungsverhalten verschiedener Arten. Als &#8220;r-Strategen&#8221; gelten Arten, die m\u00f6glichst viele Nachkommen zeugen wie zum Beispiel Bakterien oder Ameisen, damit wenigstens einige \u00fcberleben. Die meisten S\u00e4ugetiere, auch der Mensch, verfolgen eine &#8220;K-Strategie&#8221;, sie bringen wenige Junge zur Welt und k\u00fcmmern sich intensiv um diese. <\/p>\n<\/blockquote>\n<p>E;efanten sind mehr K strategisch mit nur einem Kind, Hunde, Katzen, Schweine, M\u00e4use mehr auf r-Strategie. Alles ist relativ.  <\/p>\n<blockquote>\n<p>Ramelow schreibt zu H\u00f6ckes &#8220;r- und K&#8221;-Herleitungen: <\/p>\n<\/blockquote>\n<blockquote>\n<p>Die AfD hat Rassismus-Vorw\u00fcrfe zur\u00fcckgewiesen. Eine Sprecherin der Th\u00fcringer Landtagsfraktion teilte dem NDR auf Anfrage mit, die Vorw\u00fcrfe gegen H\u00f6cke seien &#8220;an den Haaren herbeigezogen&#8221;. H\u00f6cke lehne Rassismus und die &#8220;v\u00f6llig absurde Rassentheorie des Nationalsozialismus&#8221; entschieden ab. <\/p>\n<\/blockquote>\n<p>Die absurde Rassentheorie der Nazisten ist kein Grund, modernere wissenschaftliche Untersuchungen \u00dcber Rassen zu verdammen. Allerdings wollen das die LInksRassisten die den umgekehrten Rassismus propagieren.  <\/p>\n<p>Also eigentlich sollten ja solche Themen von Wissenschaftlern diskutiert werden, nicht vom Landtag beschlossen werden. Allerdings werden die gr\u00f6\u00dften Wissenschaftler von politisch korrekten Pseudowissenschaftlern verfolgt.  <\/p>\n<h2>Nobel James Watson Top 100 Mensch aller Zeiten<\/h2>\n<p>In der Time Magazin Liste &#8220;<a href=\"http:\/\/content.time.com\/time\/specials\/packages\/article\/0,28804,2111975_2112269_2112278,00.html\">Top 100 of All Time<\/a>&#8220;(2012) findet man Plato, Nietsche, Mozart, Henry Ford, George Washington, Muhammad, Jesus Christus, <strong>Galileo Galilei<\/strong>, und \u2026. James Watson. Er findet sich auch in Times&#8217; &#8220;<a href=\"http:\/\/newsfeed.time.com\/2012\/07\/25\/the-20-most-influential-americans-of-all-time\/\">20 einflu\u00dfreichsten Amerikaner aller Zeiten<\/a> (2012)&#8221;. James Watson, hatte \u201cdas Geheimnis des Lebens entschlusselt&#8221; (&#8220;found the secret of life\u201d). Watson&#8217;s Buch &#8220;Die Doppelhelix&#8221; ist in der Liste d<a href=\"http:\/\/entertainment.time.com\/2011\/08\/30\/all-time-100-best-nonfiction-books\/slide\/the-double-helix-by-james-watson\/\">er 100 besten Sachb\u00fccher aller Zeiten.<\/a>&nbsp;&nbsp; Die Entdeckung der <a href=\"http:\/\/evolution.berkeley.edu\/evolibrary\/article\/history_22\">Struktur der Desoxyribonukleins\u00e4ure (DNS)<\/a> f\u00fchrte zur Gentechnik.  <\/p>\n<p>Als Top 20 US Forscher aller Zeiten und als Begr\u00fcnder der modernen Genetik kann James Watson sich jedoch noch lange nicht das Recht herausnehmen, eine wissenschaftliche Meinung \u00fcber genetische Unterschiede zwischen Wei\u00dfen und Schwarzafrikanern zu haben.&nbsp; Das mu\u00df genauso hart bestraft werden wie Top-100-aller-Zeiten=Kollege <strong>Galileo Galilei&#8217;s<\/strong> Frevel, p\u00e4pstlichem Dogma zu widersprechen und zu behaupten dass die Erde sich bewegt.  <\/p>\n<p>&nbsp; <\/p>\n<ol>\n<li>Malloy, Jason. &#8220;<a href=\"http:\/\/www.gnxp.com\/blog\/2007\/10\/james-watson-tells-inconvenient-truth_296.php\">James Watson Tells the Inconvenient Truth: Faces the Consequences<\/a>.&#8221; Gene Expression, Oct. 31, 2007.\n<li>Rushton, J. Philippe &amp; Arthur R. Jensen. &#8220;<a href=\"http:\/\/www.humanbiologicaldiversity.com\/articles\/Rushton%2C%20J.%20Philippe%20%26%20Arthur%20R.%20Jensen.%20%22Thirty%20Years%20of%20Research%20on%20Race%20Differences%20in%20Cognitive%20Ability.%22%20Psychology%2C%20Public%20Policy%2C%20and%20Law%2011%2C%20no.%202%20%282005%29.pdf\">Thirty Years of Research on Race Differences in Cognitive Ability<\/a>.&#8221; <em>Psychology, Public Policy, and Law<\/em> 11, no. 2 (2005).\n<li>Rushton, J. Philippe &amp; Arthur R. Jensen. &#8220;<a href=\"http:\/\/www.humanbiologicaldiversity.com\/articles\/Rushton%2C%20J.%20Philippe%20%26%20Arthur%20R.%20Jensen.%20%22James%20Watson_s%20most%20inconvenient%20truth-%20Race%20realism%20and%20the%20moralistic%20fallacy.%22%20Medical%20Hypotheses%2071%20%282008%29.pdf\">James Watson\u2019s most inconvenient truth: Race realism and the moralistic fallacy<\/a>.&#8221; <em>Medical Hypotheses<\/em> 71 (2008).\n<li><a href=\"http:\/\/www.welt.de\/debatte\/kommentare\/article6070487\/Der-Fall-Watson-Rasse-und-Intelligenz-duerfen-kein-Tabu-sein.html\">Der Fall Watson: Rasse und Intelligenz d\u00fcrfen kein Tabu sein<\/a> |Die Welt\n<li>Mehr wissenschaftliche Literatur in <a href=\"http:\/\/www.humanbiologicaldiversity.com\/\" target=\"_blank\">Human Biodiversity<\/a><\/li>\n<\/ol>\n<p>&nbsp; <\/p>\n<h4><a href=\"http:\/\/human-stupidity.com\/stupid-dogma\/racial-differences-intelligence\/racism-disclaimer-are-we-racist-for-citing-statistics-and-research\">Racism disclaimer! Are we racist for citing statistics and research?<\/a><\/h4>\n<p>Wissenschaftlicher Rassismus kann auch gut f\u00fcr Afrikaner sein. In unserer wissenschaftlichen Gesellschaft h\u00e4lt man die Wahrheit f\u00fcr wichtig. <\/p>\n<blockquote>\n<p>Kritiker wie die Amadeu-Antonio-Stiftung werfen dem AfD-Politiker &#8220;blanken Rassismus&#8221; vor &#8211; &#8220;auf einer Linie mit der Rassentheorie des Nationalsozialismus&#8221;. Das erinnere &#8220;an die Theorie einer Herrenrasse&#8221;, da der Europ\u00e4er als ein besserer Mensch und der Afrikaner als Invasor dargestellt werde. <\/p>\n<\/blockquote>\n<p>Gibt es irgendein wissenschaftlich logisches Argument? Nein. Die Bibel sagt die Erde ist das Ze  <\/p>\n<p>ntrum des Universums. Dar\u00fcber wird nicht diskutiert. Und das Gleichheitsdogma der Politischen Korrektheit sagt da\u00df alle V\u00f6lker gleich sind. Forschung darf dar\u00fcber nicht angestellt werden oder muss totgeschwiegen werden.  <\/p>\n<blockquote>\n<p>AfD-Landeschef H\u00f6cke sorgt immer wieder f\u00fcr Schlagzeilen. <a href=\"http:\/\/www.spiegel.de\/politik\/deutschland\/afd-in-der-fluechtlingskrise-der-angstmacher-von-erfurt-a-1056367.html\">Er gilt als besonders laute Stimme am rechten Rand<\/a>. Bei einer Demonstration in Erfurt rief er: &#8220;Th\u00fcringer! Deutsche! 3000 Jahre Europa. 1000 Jahre Deutschland&#8221;. Bei <a href=\"http:\/\/www.spiegel.de\/kultur\/tv\/guenther-jauch-mit-bjoern-hoecke-afd-nicht-zum-lachen-und-trotzdem-komisch-a-1058418.html\">G\u00fcnther Jauchs TV-Talk in der ARD<\/a> legte er eine Deutschlandflagge \u00fcber seine Stuhllehne und behauptete, Deutschland w\u00fcrde sich mit den Fl\u00fcchtlingen &#8220;sozialen Sprengstoff importieren&#8221;. <\/p>\n<\/blockquote>\n<p>Das kann man doch genau analysieren. \u201cbehauptete, Deutschland w\u00fcrde sich mit den Fl\u00fcchtlingen &#8220;sozialen Sprengstoff importieren&#8221;. \u201c Trotz des institutionalisierten umgekehrten Rassismus des Pressecodex haben inzwischen die meisten Deutschen mitbekommen dass es pausenlose Probleme gibt. Das k\u00f6nnte man doch diskutieren und quantifizieren  <\/p>\n<ol>\n<li>&nbsp;&nbsp; <a href=\"http:\/\/fluechtling.net\/pressekodex.html\">Pressekodex 12.1 Keine Vorurteile sch\u00fcren<\/a> | Fluechtling.net\n<li><a href=\"http:\/\/fluechtling.net\/rassismus\/weissverpixeln.html\">Wei\u00dfverpixeln dunkelh\u00e4utiger Krimineller beugt Vorurteilen vor<\/a> |&nbsp; Fluechtling.net\n<li><a href=\"http:\/\/fluechtling.net\/pressecodex12.1\/\" target=\"_blank\">mehr Pressecodex<\/a><\/li>\n<\/ol>\n<blockquote>\n<p><a href=\"http:\/\/www.spiegel.de\/thema\/thueringen\/\">Th\u00fcringens<\/a> Landtagspr\u00e4sident Christian Carius (CDU) <a href=\"http:\/\/www.mdr.de\/nachrichten\/reaktionen-rede-hoecke-afd100_zc-e9a9d57e_zs-6c4417e7.html\">sagte dem MDR<\/a>, H\u00f6cke habe sich in eine &#8220;gef\u00e4hrliche N\u00e4he zur Argumentation der Nationalsozialisten&#8221; begeben. Damit habe er sich als Rechtsextremist entlarvt. <\/p>\n<\/blockquote>\n<p>&nbsp; Und der Sprecher hat sich als unwissenschaftlicher Demagoge entlarvt. Keine Fakten, keine Daten, nur die Rassismuskeule, die Nationalsozialismuskeule.  <\/p>\n<p>&nbsp; <\/p>\n<h2>Weiter Literatur<\/h2>\n<p>&nbsp; <a href=\"http:\/\/fluechtling.net\/deutsche-schuld.html\">Deutsche Schuld verletzt deutsche Menschenw\u00fcrde und \u2013rechte<\/a><\/p>\n","protected":false},"excerpt":{"rendered":"<p>H\u00f6cke hatte in einer Rede von einem &#8220;lebensbejahenden afrikanischen Ausbreitungstyp&#8221; und von einem &#8220;Bev\u00f6lkerungs\u00fcberschuss&#8221; Afrikas gesprochen. &#8220;Solange wir bereit sind, diesen Bev\u00f6lkerungs\u00fcberschuss aufzunehmen, wird sich am Reproduktionsverhalten der Afrikaner nichts \u00e4ndern&#8221;, sagte der Th\u00fcringer AfD-Chef. Der Bundesvorstand der AfD hatte daraufhin dessen Verbleib in der Partei infrage gestellt und ihm parteisch\u00e4digendes Verhalten vorgeworfen. [Der Spiegel] &hellip; <a href=\"https:\/\/rassist.org\/blog\/rassismuskeule-erstickt-wissenschaftliche-diskussion-im-keim\/\" class=\"more-link\">Continue reading<span class=\"screen-reader-text\"> &#8220;Rassismuskeule erstickt wissenschaftliche Diskussion im Keim&#8221;<\/span><\/a><\/p>\n","protected":false},"author":1,"featured_media":0,"comment_status":"open","ping_status":"open","sticky":false,"template":"","format":"standard","meta":[],"categories":[2],"tags":[3,4,5,6,7],"_links":{"self":[{"href":"https:\/\/rassist.org\/blog\/wp-json\/wp\/v2\/posts\/9"}],"collection":[{"href":"https:\/\/rassist.org\/blog\/wp-json\/wp\/v2\/posts"}],"about":[{"href":"https:\/\/rassist.org\/blog\/wp-json\/wp\/v2\/types\/post"}],"author":[{"embeddable":true,"href":"https:\/\/rassist.org\/blog\/wp-json\/wp\/v2\/users\/1"}],"replies":[{"embeddable":true,"href":"https:\/\/rassist.org\/blog\/wp-json\/wp\/v2\/comments?post=9"}],"version-history":[{"count":0,"href":"https:\/\/rassist.org\/blog\/wp-json\/wp\/v2\/posts\/9\/revisions"}],"wp:attachment":[{"href":"https:\/\/rassist.org\/blog\/wp-json\/wp\/v2\/media?parent=9"}],"wp:term":[{"taxonomy":"category","embeddable":true,"href":"https:\/\/rassist.org\/blog\/wp-json\/wp\/v2\/categories?post=9"},{"taxonomy":"post_tag","embeddable":true,"href":"https:\/\/rassist.org\/blog\/wp-json\/wp\/v2\/tags?post=9"}],"curies":[{"name":"wp","href":"https:\/\/api.w.org\/{rel}","templated":true}]}}